{"id":7688,"date":"2018-07-10T13:13:00","date_gmt":"2018-07-10T12:13:00","guid":{"rendered":"http:\/\/www.jola-moda.pl\/bridal-fashion-2018\/"},"modified":"2020-02-20T11:33:55","modified_gmt":"2020-02-20T10:33:55","slug":"bridal-fashion-2018","status":"publish","type":"post","link":"https:\/\/www.jola-moda.pl\/ru\/bridal-fashion-2018\/","title":{"rendered":"Bridal Fashion 2018"},"content":{"rendered":"<p>9-10  \u0438\u044e\u043d\u044f  \u043a\u043e\u043c\u043f\u0430\u043d\u0438\u044f Jola-Moda \u043f\u043e\u043a\u0430\u0437\u0430\u043b\u0430 \u0441\u0432\u043e\u044e \u043a\u043e\u043b\u043b\u0435\u043a\u0446\u0438\u044e \u043d\u0430 \u0432\u044b\u0441\u0442\u0430\u0432\u043a\u0435 * Bridal Fashion Fair 2018* \u0432 B\u0430\u0440\u0448abe.<\/p>\n<div class=\"et_pb_slider et_pb_slider_fullwidth_off et_pb_gallery_post_type\">\n\t\t\t\t<div class=\"et_pb_slides\">\n\t\t\t\t\t<div class=\"et_pb_slide\" style=\"background: url(https:\/\/www.jola-moda.pl\/wp-content\/uploads\/2018\/07\/Warszawa.jpg);\"><\/div><div class=\"et_pb_slide\" style=\"background: url(https:\/\/www.jola-moda.pl\/wp-content\/uploads\/2018\/07\/Warszawa2.jpg);\"><\/div>\n\t\t\t\t<\/div>\n\t\t\t<\/div>\n","protected":false},"excerpt":{"rendered":"<p>9-10 \u0438\u044e\u043d\u044f \u043a\u043e\u043c\u043f\u0430\u043d\u0438\u044f Jola-Moda \u043f\u043e\u043a\u0430\u0437\u0430\u043b\u0430 \u0441\u0432\u043e\u044e \u043a\u043e\u043b\u043b\u0435\u043a\u0446\u0438\u044e \u043d\u0430 \u0432\u044b\u0441\u0442\u0430\u0432\u043a\u0435 * Bridal Fashion Fair 2018* \u0432 B\u0430\u0440\u0448abe.<\/p>\n","protected":false},"author":2,"featured_media":6445,"comment_status":"closed","ping_status":"closed","sticky":false,"template":"","format":"standard","meta":{"_et_pb_use_builder":"off","_et_pb_old_content":"<p>W dniach 9-10 czerwca 2018 zaprezentowali\u015bmy nasz\u0105 kolekcj\u0119 2019 na Hurtowych Targach \u015alubnych Bridal Fashion w Warszawie.<\/p><p>\u00a0<\/p>","_et_gb_content_width":"","footnotes":""},"categories":[75],"tags":[],"class_list":["post-7688","post","type-post","status-publish","format-standard","has-post-thumbnail","hentry","category-75"],"_links":{"self":[{"href":"https:\/\/www.jola-moda.pl\/ru\/wp-json\/wp\/v2\/posts\/7688","targetHints":{"allow":["GET"]}}],"collection":[{"href":"https:\/\/www.jola-moda.pl\/ru\/wp-json\/wp\/v2\/posts"}],"about":[{"href":"https:\/\/www.jola-moda.pl\/ru\/wp-json\/wp\/v2\/types\/post"}],"author":[{"embeddable":true,"href":"https:\/\/www.jola-moda.pl\/ru\/wp-json\/wp\/v2\/users\/2"}],"replies":[{"embeddable":true,"href":"https:\/\/www.jola-moda.pl\/ru\/wp-json\/wp\/v2\/comments?post=7688"}],"version-history":[{"count":0,"href":"https:\/\/www.jola-moda.pl\/ru\/wp-json\/wp\/v2\/posts\/7688\/revisions"}],"wp:featuredmedia":[{"embeddable":true,"href":"https:\/\/www.jola-moda.pl\/ru\/wp-json\/wp\/v2\/media\/6445"}],"wp:attachment":[{"href":"https:\/\/www.jola-moda.pl\/ru\/wp-json\/wp\/v2\/media?parent=7688"}],"wp:term":[{"taxonomy":"category","embeddable":true,"href":"https:\/\/www.jola-moda.pl\/ru\/wp-json\/wp\/v2\/categories?post=7688"},{"taxonomy":"post_tag","embeddable":true,"href":"https:\/\/www.jola-moda.pl\/ru\/wp-json\/wp\/v2\/tags?post=7688"}],"curies":[{"name":"wp","href":"https:\/\/api.w.org\/{rel}","templated":true}]}}