{"id":9593,"date":"2021-09-25T09:28:36","date_gmt":"2021-09-25T08:28:36","guid":{"rendered":"http:\/\/www.jola-moda.pl\/?p=9593"},"modified":"2021-09-25T09:28:36","modified_gmt":"2021-09-25T08:28:36","slug":"european-bridal-week-essen-2021","status":"publish","type":"post","link":"https:\/\/www.jola-moda.pl\/fr\/european-bridal-week-essen-2021\/","title":{"rendered":"European Bridal Week   Essen 2021"},"content":{"rendered":"<p><span lang=\"fr-FR\">Du 3 au 5 <\/span><span lang=\"fr-FR\">juillet<\/span><span lang=\"fr-FR\"> 2021 nous avons particip\u00e9 et pr\u00e9sent\u00e9 notre nouvelle collection <\/span><span lang=\"fr-FR\">au salon<\/span><span lang=\"fr-FR\"> European Bridal Week <\/span><span lang=\"fr-FR\"> \u00e0 Essen.<\/span><\/p>\n<p><img loading=\"lazy\" decoding=\"async\" class=\"alignnone size-thumbnail wp-image-9572\" src=\"http:\/\/www.jola-moda.pl\/wp-content\/uploads\/2021\/09\/20210703_093942-150x150.jpg\" alt=\"\" width=\"150\" height=\"150\" \/> <img loading=\"lazy\" decoding=\"async\" class=\"alignnone size-thumbnail wp-image-9577\" src=\"http:\/\/www.jola-moda.pl\/wp-content\/uploads\/2021\/09\/20210703_132635-150x150.jpg\" alt=\"\" width=\"150\" height=\"150\" \/> <img loading=\"lazy\" decoding=\"async\" class=\"alignnone size-thumbnail wp-image-9582\" src=\"http:\/\/www.jola-moda.pl\/wp-content\/uploads\/2021\/09\/20210704_103904-150x150.jpg\" alt=\"\" width=\"150\" height=\"150\" \/> <img loading=\"lazy\" decoding=\"async\" class=\"alignnone size-thumbnail wp-image-9587\" src=\"http:\/\/www.jola-moda.pl\/wp-content\/uploads\/2021\/09\/20210704_133738-150x150.jpg\" alt=\"\" width=\"150\" height=\"150\" \/><\/p>\n<p lang=\"fr-FR\">\n","protected":false},"excerpt":{"rendered":"<p>Du 3 au 5 juillet 2021 nous avons particip\u00e9 et pr\u00e9sent\u00e9 notre nouvelle collection au salon European Bridal Week \u00e0 Essen.<\/p>\n","protected":false},"author":2,"featured_media":9572,"comment_status":"closed","ping_status":"closed","sticky":false,"template":"","format":"standard","meta":{"_et_pb_use_builder":"","_et_pb_old_content":"","_et_gb_content_width":"","footnotes":""},"categories":[],"tags":[],"class_list":["post-9593","post","type-post","status-publish","format-standard","has-post-thumbnail","hentry"],"_links":{"self":[{"href":"https:\/\/www.jola-moda.pl\/fr\/wp-json\/wp\/v2\/posts\/9593","targetHints":{"allow":["GET"]}}],"collection":[{"href":"https:\/\/www.jola-moda.pl\/fr\/wp-json\/wp\/v2\/posts"}],"about":[{"href":"https:\/\/www.jola-moda.pl\/fr\/wp-json\/wp\/v2\/types\/post"}],"author":[{"embeddable":true,"href":"https:\/\/www.jola-moda.pl\/fr\/wp-json\/wp\/v2\/users\/2"}],"replies":[{"embeddable":true,"href":"https:\/\/www.jola-moda.pl\/fr\/wp-json\/wp\/v2\/comments?post=9593"}],"version-history":[{"count":0,"href":"https:\/\/www.jola-moda.pl\/fr\/wp-json\/wp\/v2\/posts\/9593\/revisions"}],"wp:featuredmedia":[{"embeddable":true,"href":"https:\/\/www.jola-moda.pl\/fr\/wp-json\/wp\/v2\/media\/9572"}],"wp:attachment":[{"href":"https:\/\/www.jola-moda.pl\/fr\/wp-json\/wp\/v2\/media?parent=9593"}],"wp:term":[{"taxonomy":"category","embeddable":true,"href":"https:\/\/www.jola-moda.pl\/fr\/wp-json\/wp\/v2\/categories?post=9593"},{"taxonomy":"post_tag","embeddable":true,"href":"https:\/\/www.jola-moda.pl\/fr\/wp-json\/wp\/v2\/tags?post=9593"}],"curies":[{"name":"wp","href":"https:\/\/api.w.org\/{rel}","templated":true}]}}