{"id":10666,"date":"2022-11-17T11:57:55","date_gmt":"2022-11-17T10:57:55","guid":{"rendered":"http:\/\/www.jola-moda.pl\/european-bridal-week-w-essen-2022\/"},"modified":"2022-11-17T12:07:52","modified_gmt":"2022-11-17T11:07:52","slug":"european-bridal-week-essen-2022","status":"publish","type":"post","link":"https:\/\/www.jola-moda.pl\/fr\/european-bridal-week-essen-2022\/","title":{"rendered":"European Bridal Week   Essen 2022"},"content":{"rendered":"<p><span style=\"font-family: Consolas, monospace;\"><span style=\"font-size: small;\"><span style=\"font-family: Arial, sans-serif;\"><span style=\"font-size: medium;\"><span lang=\"fr-FR\">Du 28<\/span><\/span><\/span><span style=\"font-family: Arial, sans-serif;\"><span style=\"font-size: medium;\"><span lang=\"fr-FR\"> Avril<\/span><\/span><\/span><span style=\"font-family: Arial, sans-serif;\"><span style=\"font-size: medium;\"><span lang=\"fr-FR\"> au <\/span><\/span><\/span><span style=\"font-family: Arial, sans-serif;\"><span style=\"font-size: medium;\"><span lang=\"fr-FR\">2 Mai <\/span><\/span><\/span><span style=\"font-family: Arial, sans-serif;\"><span style=\"font-size: medium;\"><span lang=\"fr-FR\">2022 nous avons particip\u00e9 et pr\u00e9sent\u00e9 notre nouvelle collection <\/span><\/span><\/span><\/span><\/span><span style=\"font-family: Arial, sans-serif;\"><span lang=\"fr-FR\">au salon<\/span><\/span><span style=\"font-family: Arial, sans-serif;\"><span lang=\"fr-FR\"> European Bridal Week <\/span><\/span><span style=\"font-family: Arial, sans-serif;\"><span lang=\"fr-FR\"> \u00e0 Essen.<\/span><\/span><\/p>\n<p><a href=\"http:\/\/www.jola-moda.pl\/wp-content\/uploads\/2022\/11\/20220502_103104-scaled.jpg\"><img loading=\"lazy\" decoding=\"async\" class=\"alignnone wp-image-10660 size-medium\" src=\"http:\/\/www.jola-moda.pl\/wp-content\/uploads\/2022\/11\/20220502_103104-135x300.jpg\" alt=\"\" width=\"135\" height=\"300\" \/>\u00a0 <\/a><a href=\"http:\/\/www.jola-moda.pl\/wp-content\/uploads\/2022\/11\/20220502_103104-scaled.jpg\"><img loading=\"lazy\" decoding=\"async\" class=\"alignnone wp-image-10650 size-medium\" src=\"http:\/\/www.jola-moda.pl\/wp-content\/uploads\/2022\/11\/20220430_121919-300x300.jpg\" alt=\"\" width=\"300\" height=\"300\" \/><\/a><\/p>\n<p><a href=\"http:\/\/www.jola-moda.pl\/wp-content\/uploads\/2022\/11\/20220430_090319-scaled.jpg\"> \u00a0<\/a><a href=\"http:\/\/www.jola-moda.pl\/wp-content\/uploads\/2022\/11\/20220430_090319-scaled.jpg\"><img loading=\"lazy\" decoding=\"async\" class=\"alignnone wp-image-10645 size-medium\" src=\"http:\/\/www.jola-moda.pl\/wp-content\/uploads\/2022\/11\/20220430_090319-300x135.jpg\" alt=\"\" width=\"300\" height=\"135\" \/>\u00a0 \u00a0 <\/a><a href=\"http:\/\/www.jola-moda.pl\/wp-content\/uploads\/2022\/11\/20220502_103104-scaled.jpg\"><img loading=\"lazy\" decoding=\"async\" class=\"alignnone wp-image-10655 size-medium\" src=\"http:\/\/www.jola-moda.pl\/wp-content\/uploads\/2022\/11\/20220501_105716-300x135.jpg\" alt=\"\" width=\"300\" height=\"135\" \/><\/a><\/p>\n","protected":false},"excerpt":{"rendered":"<p>Du 28 Avril au 2 Mai 2022 nous avons particip\u00e9 et pr\u00e9sent\u00e9 notre nouvelle collection au salon European Bridal Week \u00e0 Essen. \u00a0 \u00a0\u00a0 \u00a0<\/p>\n","protected":false},"author":2,"featured_media":10652,"comment_status":"closed","ping_status":"closed","sticky":false,"template":"","format":"standard","meta":{"_et_pb_use_builder":"","_et_pb_old_content":"","_et_gb_content_width":"","footnotes":""},"categories":[74],"tags":[],"class_list":["post-10666","post","type-post","status-publish","format-standard","has-post-thumbnail","hentry","category-nouvelles"],"_links":{"self":[{"href":"https:\/\/www.jola-moda.pl\/fr\/wp-json\/wp\/v2\/posts\/10666","targetHints":{"allow":["GET"]}}],"collection":[{"href":"https:\/\/www.jola-moda.pl\/fr\/wp-json\/wp\/v2\/posts"}],"about":[{"href":"https:\/\/www.jola-moda.pl\/fr\/wp-json\/wp\/v2\/types\/post"}],"author":[{"embeddable":true,"href":"https:\/\/www.jola-moda.pl\/fr\/wp-json\/wp\/v2\/users\/2"}],"replies":[{"embeddable":true,"href":"https:\/\/www.jola-moda.pl\/fr\/wp-json\/wp\/v2\/comments?post=10666"}],"version-history":[{"count":0,"href":"https:\/\/www.jola-moda.pl\/fr\/wp-json\/wp\/v2\/posts\/10666\/revisions"}],"wp:featuredmedia":[{"embeddable":true,"href":"https:\/\/www.jola-moda.pl\/fr\/wp-json\/wp\/v2\/media\/10652"}],"wp:attachment":[{"href":"https:\/\/www.jola-moda.pl\/fr\/wp-json\/wp\/v2\/media?parent=10666"}],"wp:term":[{"taxonomy":"category","embeddable":true,"href":"https:\/\/www.jola-moda.pl\/fr\/wp-json\/wp\/v2\/categories?post=10666"},{"taxonomy":"post_tag","embeddable":true,"href":"https:\/\/www.jola-moda.pl\/fr\/wp-json\/wp\/v2\/tags?post=10666"}],"curies":[{"name":"wp","href":"https:\/\/api.w.org\/{rel}","templated":true}]}}