{"id":7685,"date":"2018-07-10T13:13:00","date_gmt":"2018-07-10T12:13:00","guid":{"rendered":"http:\/\/www.jola-moda.pl\/bridal-fashion-2018\/"},"modified":"2020-02-20T11:31:21","modified_gmt":"2020-02-20T10:31:21","slug":"bridal-fashion-2018","status":"publish","type":"post","link":"https:\/\/www.jola-moda.pl\/en\/bridal-fashion-2018\/","title":{"rendered":"Bridal Fashion 2018"},"content":{"rendered":"<p>On the 9 th and the 10 th of June 2018 we participated in Bridal Fashion Fair in Warsaw.<\/p>\n<div class=\"et_pb_slider et_pb_slider_fullwidth_off et_pb_gallery_post_type\">\n\t\t\t\t<div class=\"et_pb_slides\">\n\t\t\t\t\t<div class=\"et_pb_slide\" style=\"background: url(https:\/\/www.jola-moda.pl\/wp-content\/uploads\/2018\/07\/Warszawa.jpg);\"><\/div><div class=\"et_pb_slide\" style=\"background: url(https:\/\/www.jola-moda.pl\/wp-content\/uploads\/2018\/07\/Warszawa2.jpg);\"><\/div>\n\t\t\t\t<\/div>\n\t\t\t<\/div>\n","protected":false},"excerpt":{"rendered":"<p>On the 9 th and the 10 th of June 2018 we participated in Bridal Fashion Fair in Warsaw.<\/p>\n","protected":false},"author":2,"featured_media":6442,"comment_status":"closed","ping_status":"closed","sticky":false,"template":"","format":"standard","meta":{"_et_pb_use_builder":"off","_et_pb_old_content":"<p>W dniach 9-10 czerwca 2018 zaprezentowali\u015bmy nasz\u0105 kolekcj\u0119 2019 na Hurtowych Targach \u015alubnych Bridal Fashion w Warszawie.<\/p><p>\u00a0<\/p>","_et_gb_content_width":"","footnotes":""},"categories":[73],"tags":[],"class_list":["post-7685","post","type-post","status-publish","format-standard","has-post-thumbnail","hentry","category-news"],"_links":{"self":[{"href":"https:\/\/www.jola-moda.pl\/en\/wp-json\/wp\/v2\/posts\/7685","targetHints":{"allow":["GET"]}}],"collection":[{"href":"https:\/\/www.jola-moda.pl\/en\/wp-json\/wp\/v2\/posts"}],"about":[{"href":"https:\/\/www.jola-moda.pl\/en\/wp-json\/wp\/v2\/types\/post"}],"author":[{"embeddable":true,"href":"https:\/\/www.jola-moda.pl\/en\/wp-json\/wp\/v2\/users\/2"}],"replies":[{"embeddable":true,"href":"https:\/\/www.jola-moda.pl\/en\/wp-json\/wp\/v2\/comments?post=7685"}],"version-history":[{"count":0,"href":"https:\/\/www.jola-moda.pl\/en\/wp-json\/wp\/v2\/posts\/7685\/revisions"}],"wp:featuredmedia":[{"embeddable":true,"href":"https:\/\/www.jola-moda.pl\/en\/wp-json\/wp\/v2\/media\/6442"}],"wp:attachment":[{"href":"https:\/\/www.jola-moda.pl\/en\/wp-json\/wp\/v2\/media?parent=7685"}],"wp:term":[{"taxonomy":"category","embeddable":true,"href":"https:\/\/www.jola-moda.pl\/en\/wp-json\/wp\/v2\/categories?post=7685"},{"taxonomy":"post_tag","embeddable":true,"href":"https:\/\/www.jola-moda.pl\/en\/wp-json\/wp\/v2\/tags?post=7685"}],"curies":[{"name":"wp","href":"https:\/\/api.w.org\/{rel}","templated":true}]}}