{"id":7673,"date":"2019-07-14T13:43:57","date_gmt":"2019-07-14T12:43:57","guid":{"rendered":"http:\/\/www.jola-moda.pl\/international-wedding-fashion-fair-paris-bridal-2019\/"},"modified":"2020-02-20T11:15:16","modified_gmt":"2020-02-20T10:15:16","slug":"international-wedding-fashion-fair-paris-bridal-2019","status":"publish","type":"post","link":"http:\/\/www.jola-moda.pl\/fr\/international-wedding-fashion-fair-paris-bridal-2019\/","title":{"rendered":"International Wedding Fashion Fair Paris Bridal 2019"},"content":{"rendered":"<p>Du 13 au 15 avril 2019 nous avons particip\u00e9 et pr\u00e9sent\u00e9 notre nouvelle collection au salon International Wedding Fashion Fair Paris Bridal.<\/p>\n<div class=\"et_pb_slider et_pb_slider_fullwidth_off et_pb_gallery_post_type\">\n\t\t\t\t<div class=\"et_pb_slides\">\n\t\t\t\t\t<div class=\"et_pb_slide\" style=\"background: url(http:\/\/www.jola-moda.pl\/wp-content\/uploads\/2019\/07\/Pary\u017c-1.jpg);\"><\/div><div class=\"et_pb_slide\" style=\"background: url(http:\/\/www.jola-moda.pl\/wp-content\/uploads\/2019\/07\/Pary\u017c-4.jpg);\"><\/div><div class=\"et_pb_slide\" style=\"background: url(http:\/\/www.jola-moda.pl\/wp-content\/uploads\/2019\/07\/Pary\u017c-3.jpg);\"><\/div><div class=\"et_pb_slide\" style=\"background: url(http:\/\/www.jola-moda.pl\/wp-content\/uploads\/2019\/07\/Pary\u017c-2.jpg);\"><\/div>\n\t\t\t\t<\/div>\n\t\t\t<\/div>\n","protected":false},"excerpt":{"rendered":"<p>Du 13 au 15 avril 2019 nous avons particip\u00e9 et pr\u00e9sent\u00e9 notre nouvelle collection au salon International Wedding Fashion Fair Paris Bridal.<\/p>\n","protected":false},"author":4,"featured_media":6835,"comment_status":"closed","ping_status":"closed","sticky":false,"template":"","format":"standard","meta":{"_et_pb_use_builder":"","_et_pb_old_content":"","_et_gb_content_width":"","footnotes":""},"categories":[74],"tags":[],"class_list":["post-7673","post","type-post","status-publish","format-standard","has-post-thumbnail","hentry","category-nouvelles"],"_links":{"self":[{"href":"http:\/\/www.jola-moda.pl\/fr\/wp-json\/wp\/v2\/posts\/7673","targetHints":{"allow":["GET"]}}],"collection":[{"href":"http:\/\/www.jola-moda.pl\/fr\/wp-json\/wp\/v2\/posts"}],"about":[{"href":"http:\/\/www.jola-moda.pl\/fr\/wp-json\/wp\/v2\/types\/post"}],"author":[{"embeddable":true,"href":"http:\/\/www.jola-moda.pl\/fr\/wp-json\/wp\/v2\/users\/4"}],"replies":[{"embeddable":true,"href":"http:\/\/www.jola-moda.pl\/fr\/wp-json\/wp\/v2\/comments?post=7673"}],"version-history":[{"count":0,"href":"http:\/\/www.jola-moda.pl\/fr\/wp-json\/wp\/v2\/posts\/7673\/revisions"}],"wp:featuredmedia":[{"embeddable":true,"href":"http:\/\/www.jola-moda.pl\/fr\/wp-json\/wp\/v2\/media\/6835"}],"wp:attachment":[{"href":"http:\/\/www.jola-moda.pl\/fr\/wp-json\/wp\/v2\/media?parent=7673"}],"wp:term":[{"taxonomy":"category","embeddable":true,"href":"http:\/\/www.jola-moda.pl\/fr\/wp-json\/wp\/v2\/categories?post=7673"},{"taxonomy":"post_tag","embeddable":true,"href":"http:\/\/www.jola-moda.pl\/fr\/wp-json\/wp\/v2\/tags?post=7673"}],"curies":[{"name":"wp","href":"https:\/\/api.w.org\/{rel}","templated":true}]}}