{"id":7697,"date":"2016-10-11T16:33:17","date_gmt":"2016-10-11T15:33:17","guid":{"rendered":"http:\/\/www.jola-moda.pl\/bridal-fashion-2016-warszawa\/"},"modified":"2016-10-11T16:33:17","modified_gmt":"2016-10-11T15:33:17","slug":"bridal-fashion-2016-warszawa","status":"publish","type":"post","link":"http:\/\/www.jola-moda.pl\/en\/bridal-fashion-2016-warszawa\/","title":{"rendered":"Bridal Fashion 2016"},"content":{"rendered":"<p>W dniach 2-3 lipca 2016 zaprezentowali\u015bmy nasz\u0105 kolekcj\u0119 2017 na Hurtowych Targach \u015alubnych Bridal Fashion w Warszawie.<\/p>\n<div class=\"et_pb_slider et_pb_slider_fullwidth_off et_pb_gallery_post_type\">\n\t\t\t\t<div class=\"et_pb_slides\">\n\t\t\t\t\t<div class=\"et_pb_slide\" style=\"background: url(http:\/\/www.jola-moda.pl\/wp-content\/uploads\/2016\/10\/Warszawa-3.jpg);\"><\/div><div class=\"et_pb_slide\" style=\"background: url(http:\/\/www.jola-moda.pl\/wp-content\/uploads\/2016\/10\/Warszawa-2.jpg);\"><\/div><div class=\"et_pb_slide\" style=\"background: url(http:\/\/www.jola-moda.pl\/wp-content\/uploads\/2016\/10\/Warszawa-1.jpg);\"><\/div>\n\t\t\t\t<\/div>\n\t\t\t<\/div>\n","protected":false},"excerpt":{"rendered":"<p>W dniach 2-3 lipca 2016 zaprezentowali\u015bmy nasz\u0105 kolekcj\u0119 2017 na Hurtowych Targach \u015alubnych Bridal Fashion w Warszawie.<\/p>\n","protected":false},"author":1,"featured_media":5034,"comment_status":"closed","ping_status":"closed","sticky":false,"template":"","format":"standard","meta":{"_et_pb_use_builder":"","_et_pb_old_content":"","_et_gb_content_width":"","footnotes":""},"categories":[73],"tags":[],"class_list":["post-7697","post","type-post","status-publish","format-standard","has-post-thumbnail","hentry","category-news"],"_links":{"self":[{"href":"http:\/\/www.jola-moda.pl\/en\/wp-json\/wp\/v2\/posts\/7697","targetHints":{"allow":["GET"]}}],"collection":[{"href":"http:\/\/www.jola-moda.pl\/en\/wp-json\/wp\/v2\/posts"}],"about":[{"href":"http:\/\/www.jola-moda.pl\/en\/wp-json\/wp\/v2\/types\/post"}],"author":[{"embeddable":true,"href":"http:\/\/www.jola-moda.pl\/en\/wp-json\/wp\/v2\/users\/1"}],"replies":[{"embeddable":true,"href":"http:\/\/www.jola-moda.pl\/en\/wp-json\/wp\/v2\/comments?post=7697"}],"version-history":[{"count":0,"href":"http:\/\/www.jola-moda.pl\/en\/wp-json\/wp\/v2\/posts\/7697\/revisions"}],"wp:featuredmedia":[{"embeddable":true,"href":"http:\/\/www.jola-moda.pl\/en\/wp-json\/wp\/v2\/media\/5034"}],"wp:attachment":[{"href":"http:\/\/www.jola-moda.pl\/en\/wp-json\/wp\/v2\/media?parent=7697"}],"wp:term":[{"taxonomy":"category","embeddable":true,"href":"http:\/\/www.jola-moda.pl\/en\/wp-json\/wp\/v2\/categories?post=7697"},{"taxonomy":"post_tag","embeddable":true,"href":"http:\/\/www.jola-moda.pl\/en\/wp-json\/wp\/v2\/tags?post=7697"}],"curies":[{"name":"wp","href":"https:\/\/api.w.org\/{rel}","templated":true}]}}